{"id":1595,"date":"2025-06-20T10:56:00","date_gmt":"2025-06-20T08:56:00","guid":{"rendered":"https:\/\/www.juliuskramer.de\/?p=1595"},"modified":"2025-06-20T17:06:12","modified_gmt":"2025-06-20T15:06:12","slug":"black-necked-grebes-tips-for-bird-photography","status":"publish","type":"post","link":"https:\/\/www.juliuskramer.de\/en\/black-necked-grebes-tips-for-bird-photography\/","title":{"rendered":"Immerse yourself in the world of the black-necked grebe &#8211; tips for bird photography"},"content":{"rendered":"\n<p>It is early morning, the world is still in the twilight.  <strong>For a nature photographer, there is hardly anything better than being at the lake at this time of year.<\/strong>  Kneeling on the damp shore and finally lying flat on my stomach, the dew creeps through my clothes. The still lake lies before me like a mirror, kissed by the first golden sunlight. Not a breath of wind ripples the surface. In this calm, two small, dark silhouettes suddenly emerge from the reeds: black-necked grebes with their chicks on their backs.   <\/p>\n\n<figure class=\"wp-block-image size-large\"><img decoding=\"async\" width=\"1200\" height=\"797\" src=\"https:\/\/www.juliuskramer.de\/wp-content\/uploads\/2025\/05\/20080622-_DSC4428-1200x797.jpg\" alt=\"A black-necked grebe carries its two young on its back.\" class=\"wp-image-1345\" srcset=\"https:\/\/www.juliuskramer.de\/wp-content\/uploads\/2025\/05\/20080622-_DSC4428-980x651.jpg 980w, https:\/\/www.juliuskramer.de\/wp-content\/uploads\/2025\/05\/20080622-_DSC4428-480x319.jpg 480w\" sizes=\"(min-width: 0px) and (max-width: 480px) 480px, (min-width: 481px) and (max-width: 980px) 980px, (min-width: 981px) 1200px, 100vw\" \/><figcaption class=\"wp-element-caption\">A black-necked grebe carries its two young on its back.<\/figcaption><\/figure>\n\n<p>I hold my breath. Slowly, I bring my camera into position, the telephoto lens aligned with the surface of the water. The scene feels almost surreal\u2014<strong>intimate and magical<\/strong>, as if I\u2019ve been allowed to witness a secret moment. The black-necked grebe parents glide silently across the shimmering water, their glowing red eyes reflecting the morning light like tiny rubies. On the back of one parent, two fluffy chicks snuggle safely and warmly into the feathers. This<strong> quiet family idyll at dawn<\/strong> touches me deeply. At the same time, the heart of the bird photographer in me pounds with excitement: moments like this can only be captured with patience, respect, and perfect timing.      <\/p>\n\n<p>As I press the shutter, I find myself reflecting on these fascinating birds. What makes the black-necked grebe so special? How do they live, where can they be found\u2014and why do they carry their young on their backs?   <\/p>\n<style>html { scroll-behavior: smooth; }<\/style><ul class=\"simpletoc-list\">\n<li><a href=\"#blacknecked-grebe-a-special-species\">Black-necked grebe - a special species<\/a>\n\n<\/li>\n<li><a href=\"#sounds-a-discreet-pucht-in-the-reeds\">Sounds: A discreet \u201cp\u00fccht\u201d in the reeds<\/a>\n\n<\/li>\n<li><a href=\"#breeding-biology-nest-building-chicks-and-family-life\">Breeding biology: nest building, chicks and family life<\/a>\n\n<\/li>\n<li><a href=\"#habitat-and-distribution\">Habitat and distribution<\/a>\n\n<\/li>\n<li><a href=\"#hazards-and-special-challenges\">Hazards and special challenges<\/a>\n\n<\/li>\n<li><a href=\"#tips-for-bird-photography-photographing-blacknecked-grebes\">Tips for bird photography: photographing black-necked grebes<\/a>\n<\/li><\/ul>\n<blockquote class=\"wp-block-quote is-layout-flow wp-block-quote-is-layout-flow\">\n<hr class=\"wp-block-separator has-alpha-channel-opacity\"\/>\n\n<div class=\"wp-block-columns are-vertically-aligned-center is-layout-flex wp-container-core-columns-is-layout-9d6595d7 wp-block-columns-is-layout-flex\">\n<div class=\"wp-block-column is-vertically-aligned-center is-layout-flow wp-block-column-is-layout-flow\" style=\"flex-basis:33.33%\">\n<figure class=\"wp-block-image aligncenter size-full is-resized\"><img decoding=\"async\" width=\"800\" height=\"800\" src=\"https:\/\/www.juliuskramer.de\/wp-content\/uploads\/2025\/06\/juliuskramer.jpeg\" alt=\"Julius Kramer\" class=\"wp-image-1906\" style=\"width:123px;height:auto\" srcset=\"https:\/\/www.juliuskramer.de\/wp-content\/uploads\/2025\/06\/juliuskramer.jpeg 800w, https:\/\/www.juliuskramer.de\/wp-content\/uploads\/2025\/06\/juliuskramer-480x480.jpeg 480w\" sizes=\"(min-width: 0px) and (max-width: 480px) 480px, (min-width: 481px) 800px, 100vw\" \/><\/figure>\n<\/div>\n\n\n\n<div class=\"wp-block-column is-vertically-aligned-center is-layout-flow wp-block-column-is-layout-flow\" style=\"flex-basis:66.66%\">\n<blockquote class=\"wp-block-quote is-layout-flow wp-block-quote-is-layout-flow\">\n<p><em>Join me on my photo tours and immerse yourself in the world of wild landscapes and unique encounters. Together we will hone your photographic skills - practical, creative and full of inspiration. Secure your place now and rediscover the magic of light and nature.    <\/em><\/p>\n<\/blockquote>\n\n\n\n<div class=\"wp-block-buttons is-content-justification-center is-layout-flex wp-container-core-buttons-is-layout-16018d1d wp-block-buttons-is-layout-flex\">\n<div class=\"wp-block-button\"><a class=\"wp-block-button__link has-text-align-center wp-element-button\" href=\"https:\/\/www.juliuskramer.de\/en\/nature-photography-workshops\/\">Start your photo adventure!<\/a><\/div>\n<\/div>\n<\/div>\n<\/div>\n\n<hr class=\"wp-block-separator has-alpha-channel-opacity\"\/>\n<\/blockquote>\n<h2 class=\"wp-block-heading\" id=\"blacknecked-grebe-a-special-species\">Black-necked grebe - a special species<\/h2>\n<figure class=\"wp-block-image size-large\"><img decoding=\"async\" width=\"1200\" height=\"797\" src=\"https:\/\/www.juliuskramer.de\/wp-content\/uploads\/2025\/05\/20090524-_DSC7950-1200x797.jpg\" alt=\"Black-necked grebes are very special birds - the bright red eye paired with the shimmering golden ear tufts is beautiful to look at.\" class=\"wp-image-1316\" srcset=\"https:\/\/www.juliuskramer.de\/wp-content\/uploads\/2025\/05\/20090524-_DSC7950-980x651.jpg 980w, https:\/\/www.juliuskramer.de\/wp-content\/uploads\/2025\/05\/20090524-_DSC7950-480x319.jpg 480w\" sizes=\"(min-width: 0px) and (max-width: 480px) 480px, (min-width: 481px) and (max-width: 980px) 980px, (min-width: 981px) 1200px, 100vw\" \/><\/figure>\n\n<p>The black-necked grebe (Podiceps nigricollis) belongs to the grebe family and is a rather small water bird: only about 28-34 cm tall when fully grown. This makes it smaller than a coot, for example, but larger than the little grebe. In its magnificent wedding dress, the black-necked grebe wears a striking plumage: the neck and head are deep black, the flanks bright chestnut-brown, and tufted feathers in golden yellow shine behind the eyes. The eyes are particularly striking - bright red like tiny rubies that immediately catch the eye. No wonder photographers love this detail. (Nobody needs a red-eye filter here - more on that later!) Incidentally, males and females look the same; there are hardly any gender differences in the plumage.      <\/p>\n\n<p>Black-necked Grebes are also elegant outside the mating season, in their so-called plain plumage, albeit with a simpler coloration: then the head and neck are rather grey-brown and the golden ear tufts are missing, but the red eyes remain an unmistakable distinguishing feature. Their narrow, pointed bill is slightly curved upwards and emphasizes the graceful profile of this diving bird. Black-necked Grebes are often seen floating on the water in small groups or diving energetically for food. Their diet consists mainly of insects and small aquatic creatures such as crustaceans, snails, tadpoles and small fish. They skillfully dive again and again - usually for less than 30 seconds at a time - and search for prey under water. Between dives, they sometimes only stick their head and neck out of the water to look for prey before diving again.     <\/p>\n<div class=\"crp_related   crp_related_block   crp-text-only\"><h3 class=\"related_title\">Related topics<\/h3><ul><li><a href=\"https:\/\/www.juliuskramer.de\/en\/maldives-nature-photography-trip-to-kandima-island\/\"     class=\"crp_link post-2549\"><span class=\"crp_title\">Maldives: Nature photography trip to Kandima Island<\/span><\/a><\/li><li><a href=\"https:\/\/www.juliuskramer.de\/en\/lynx-bavarian-forest-monitoring-and-conservation-at-a-glance\/\"     class=\"crp_link post-3408\"><span class=\"crp_title\">Lynx Bavarian Forest: Monitoring and conservation at a glance<\/span><\/a><\/li><li><a href=\"https:\/\/www.juliuskramer.de\/en\/secret-spots-for-wildlife-photography-in-germany-an-insiders-guide\/\"     class=\"crp_link post-4762\"><span class=\"crp_title\">Secret spots for wildlife photography in Germany: an insider's guide<\/span><\/a><\/li><\/ul><div class=\"crp_clear\"><\/div><\/div><h2 class=\"wp-block-heading\" id=\"sounds-a-discreet-pucht-in-the-reeds\">Sounds: A discreet \u201cp\u00fccht\u201d in the reeds<\/h2>\n<p>As enchanting as their appearance is, black-necked grebes are reserved in their voice. In the early breeding season, you may be lucky enough to hear a soft, pressed \"p\u00fccht\" or a thin \"huit\". These calls are part of the divers' mating repertoire and are presumably used for pair bonding and territory demarcation. Overall, the vocalizations are rather inconspicuous - no shrill cries, but soft sounds that are almost drowned out by the dense shoreline vegetation. Outside of courtship and in winter, black-necked grebes are usually silent.      <\/p>\n<h2 class=\"wp-block-heading\" id=\"breeding-biology-nest-building-chicks-and-family-life\">Breeding biology: nest building, chicks and family life<\/h2>\n<figure class=\"wp-block-image size-large\"><img decoding=\"async\" width=\"1200\" height=\"797\" src=\"https:\/\/www.juliuskramer.de\/wp-content\/uploads\/2025\/05\/DSC9218-1200x797.jpg\" alt=\"During courtship, black-necked grebes shake their heads excitedly as they lift their chests out of the water,\" class=\"wp-image-1317\" srcset=\"https:\/\/www.juliuskramer.de\/wp-content\/uploads\/2025\/05\/DSC9218-980x651.jpg 980w, https:\/\/www.juliuskramer.de\/wp-content\/uploads\/2025\/05\/DSC9218-480x319.jpg 480w\" sizes=\"(min-width: 0px) and (max-width: 480px) 480px, (min-width: 481px) and (max-width: 980px) 980px, (min-width: 981px) 1200px, 100vw\" \/><figcaption class=\"wp-element-caption\">Black-necked grebes mating in spring<\/figcaption><\/figure>\n\n<p>Black-necked grebes are skillful builders. Their nest is a floating construction made of plant parts that they anchor in shallow water - often on reed stems or other aquatic plants. Both parents take part in building the nest. The breeding season usually begins in April; as short-distance migrants, they return from their wintering grounds to their breeding grounds from the beginning of April. The nest is well hidden in the dense shoreline vegetation of shallow lakes or ponds, as rich shoreline vegetation is important for successful breeding. Sometimes black-necked grebes also use small, shallow islands as nesting sites, but more often the nest floats in the reed belt. The clutch usually consists of 3-4 (up to 5) eggs, which are incubated by both parents for around 21-24 days. Freshly laid, the eggs are bluish-white, but quickly turn brownish due to the wet plants in the nest.       <\/p>\n\nngg_shortcode_0_placeholder\n\n<p>As soon as the chicks hatch, they leave the nest surprisingly quickly - often on the same day when the last chick is dry. The young are nest fledglings: they can swim and even dive right from the start. Nevertheless, black-necked grebe chicks are carried on their parents \u201cbacks like little passengers in the first few weeks of their lives. This behavior is not only heart-warming to watch, but also has a biological purpose. On the one hand, the fluffy young are well protected from predators on their parents\u201d backs and do not cool down so quickly. Secondly, the parents can walk long distances across the lake with their young without the chicks tiring or lagging behind. Only after a few days to a few weeks do the chicks move into the \u201ctow\u201d behind the parents and begin to swim short distances on their own.      <\/p>\n<h2 class=\"wp-block-heading\" id=\"habitat-and-distribution\">Habitat and distribution<\/h2>\n<p><strong>Where can you see black-necked grebes in the wild?  <\/strong>These birds are picky: they prefer shallow inland waters with lush vegetation, well vegetated banks and many underwater plants Typical habitats are nutrient-rich ponds, shallow lakes or ponds - including managed fish ponds if they offer enough peace and quiet. It is important that there are enough open water areas for hunting, as well as sufficient reeds and floating leaf plants for hiding and nesting places. <\/p>\n\n<p>In some regions, the black-necked grebe even breeds in slow-flowing oxbow lakes or bogs. The optimum water depth for the nesting zone is only 40-80 cm, so that the birds can easily anchor the nest from the bottom of the water. The distribution of this species is unusually patchy. Worldwide, the black-necked grebe occurs in several widely separated regions: in Europe, Asia, Africa and North America. In Europe, it is mainly found in parts of Central and Eastern Europe. Germany and Poland are the main areas of distribution in Central Europe. It is estimated that only around 900-1,100 pairs breed in Germany - not a large population when you consider that there are over one and a half million pairs in North America.        <\/p>\n\nngg_shortcode_1_placeholder\n\n<p>However, there are regional differences within Germany: the largest populations are found in the north, for example in Schleswig-Holstein and Mecklenburg-Western Pomerania, where many shallow lakes and ponds provide habitats. Lake Lanker in Schleswig-Holstein is home to the largest black-necked grebe colony in Central Europe, with around <strong>250 breeding pairs<\/strong>. There are also local populations in Brandenburg, on Lake Constance and in some Bavarian pond areas (such as the Ismaninger Teichgebiet or around Lake Chiemsee). These are often small colonies, sometimes even associated with black-headed gulls or common terns, which apparently offer the divers protection. Outside of the breeding season, black-necked grebes are short-distance migrants and usually do not travel too far. Many Central European birds spend the winter on the coasts of Western Europe - from the Netherlands to the Bay of Biscay and the Mediterranean. North Africa and the Middle East are also important wintering grounds. Some even stay in Central Europe during mild winters and are then more likely to be found on larger lakes or reservoirs.       <\/p>\n<h2 class=\"wp-block-heading\" id=\"hazards-and-special-challenges\">Hazards and special challenges<\/h2>\n<p>As enchanting as the black-necked grebe is to look at, its population is fragile in some places. <strong>In Germany, it is on the Red List and is classified as \u201cendangered\u201d (category 3)<\/strong>. This means that the species is exposed to considerable risks in our country. One of the main problems is the low number of suitable breeding waters: Many former habitats have been lost due to drainage, intensive fishing or siltation. Black-necked grebes are also <strong>extremely sensitive to disturbance<\/strong> - recreational activities such as swimming, water sports or noisy shore visitors can cause the shy birds to abandon their breeding sites. In the first few days after hatching, parents are particularly sensitive; if boats or people come too close, for example, the adults may no longer warm or feed their chicks sufficiently. The offspring are then endangered by hypothermia or predators, which is why it is so important to protect places where black-necked grebes breed and minimize disturbance.     <\/p>\n\n<figure class=\"wp-block-image size-large\"><img decoding=\"async\" width=\"1200\" height=\"797\" src=\"https:\/\/www.juliuskramer.de\/wp-content\/uploads\/2025\/05\/20090524-_DSC7919-1200x797.jpg\" alt=\"Black-necked grebes need shallow waters with a sufficient supply of food, which are unfortunately becoming increasingly rare.\" class=\"wp-image-1348\" srcset=\"https:\/\/www.juliuskramer.de\/wp-content\/uploads\/2025\/05\/20090524-_DSC7919-980x651.jpg 980w, https:\/\/www.juliuskramer.de\/wp-content\/uploads\/2025\/05\/20090524-_DSC7919-480x319.jpg 480w\" sizes=\"(min-width: 0px) and (max-width: 480px) 480px, (min-width: 481px) and (max-width: 980px) 980px, (min-width: 981px) 1200px, 100vw\" \/><figcaption class=\"wp-element-caption\">Black-necked grebes need shallow waters with a sufficient supply of food, which are unfortunately becoming increasingly rare.<\/figcaption><\/figure>\n\n<p>Another factor is the water quality and food supply. As <strong>fish pond inhabitants<\/strong>, divers compete for food with commercial fish farming in some places. Intensive carp farming, for example, can change the water turbidity and nutrient content to such an extent that insect larvae - the divers' main food - become rarer. Fluctuating <strong>water levels<\/strong> also affect breeding: levels that are too high or too low in spring can make many nests unusable.   <\/p>\n\n<p>Interestingly, black-necked grebes react very flexibly to such changes: they tend to simply move on and colonize new waters when conditions are unfavourable. In some years, sudden increases or declines have therefore been observed in certain lakes, and where new <strong>protected areas or shallow water zones<\/strong> have been created, success has been rapid in some cases - for example, the breeding population has increased again in newly created floodplains in northern Germany. <\/p>\n\n<p>Fortunately, the black-necked grebe is <strong>not<\/strong> globally <strong>threatened with extinction<\/strong> - the IUCN lists it as \u201cLeast Concern\u201d (not endangered) worldwide. But regionally, especially in Central Europe, these enchanting birds deserve our full attention. Each of us nature lovers can contribute to this: through considerate behavior in the breeding areas and by supporting conservation projects. If we remain quiet and respectful at the lake (as I did that morning), we can enjoy these <strong>intimate moments in nature<\/strong> without disturbing the animals.   <\/p>\n<h2 class=\"wp-block-heading\" id=\"tips-for-bird-photography-photographing-blacknecked-grebes\">Tips for bird photography: photographing black-necked grebes<\/h2>\n<p>To wrap up, I\u2019d like to share a <strong>few tips from my own experience in nature photography<\/strong>\u2014especially bird photography\u2014in case you ever want to photograph black-necked grebes or other water birds yourself. These tips will help you capture respectful yet striking images:<br\/><br\/><br\/><br\/><\/p>\n\n<ul class=\"wp-block-list\">\n<li><strong>Get up early:<\/strong> The <strong>early hours of the morning<\/strong> are ideal for nature photography. In the soft light of the rising sun, the colors - such as the red of the diver's eyes - shine particularly beautifully, and the waters are usually calm and smooth. In addition, many birds are most active at sunrise and there are fewer people around (an important advantage for shy species!).  <\/li>\n\n\n\n<li><strong>Get down to eye level:<\/strong> Perspective is everything in bird photography. If possible, <strong>lie flat on the ground<\/strong> at the water\u2019s edge or use a ground pod to position yourself at the same height as the birds. This creates an intimate point of view, with the subject beautifully isolated and the surroundings melting into a soft bokeh. Your images will instantly feel <strong>more atmospheric<\/strong> than if taken from above.<br\/>(Tip: A sleeping pad or a beanbag can help keep both your camera and yourself stable and dry.)<br\/><br\/>    <\/li>\n\n\n\n<li><strong>Ruhe bewahren und tarnen:<\/strong> Schwarzhalstaucher sind sehr wachsam. Jede hastige Bewegung oder laute Ger\u00e4usche k\u00f6nnen sie verscheuchen. Bewege dich langsam und leise, am besten geduckt oder kriechend, wenn du in Position gehst. Eine <strong>Tarnkleidung<\/strong> oder ein Tarnnetz kann zus\u00e4tzlich helfen, mit der Umgebung zu verschmelzen. Warten Sie lieber ab, bis die V\u00f6gel von selbst n\u00e4her kommen. Geduld und Respekt f\u00fcr das Tier stehen immer \u00fcber dem perfekten Foto \u2013 <strong>St\u00f6rung muss vermieden werden<\/strong>, vor allem in der Brutzeit. <a href=\"https:\/\/www.juliuskramer.de\/en\/which-hide-for-nature-photographers\/\">Tipps zur richtigen Tarnung gibt es hier!<\/a>     <\/li>\n\n\n\n<li><strong>Long focal length with wide aperture:<\/strong> For striking bird photos, a telephoto lens (at least 300\u202fmm or more) is highly recommended. It allows you to keep a respectful distance while still capturing the birds full-frame. <strong>Use a wide aperture<\/strong> (low f-number) to reduce depth of field\u2014this makes the bird stand out sharply against a soft, blurred background. Many photographers also rely on burst mode to catch the perfect moment in a sequence of movements\u2014like when a grebe lifts its head from the water.  <\/li>\n\n\n\n<li><strong>For beginners: Practice and observe:<\/strong> Don\u2019t get discouraged if things don\u2019t work out right away\u2014bird photography takes time and practice. Spend time observing animal behavior\u2014<a href=\"https:\/\/www.juliuskramer.de\/en\/up-close-without-disturbing-why-species-knowledge-is-so-important-in-animal-photography\/\">the more you understand your <strong>subject\u2019s habits<\/strong>, the better you\u2019ll be at anticipating what comes next<\/a>. Start with common species or visit bird parks to get used to focusing on moving subjects. Learn to <strong>recognize those special moments<\/strong> when a bird does something interesting\u2014whether it\u2019s preening, stretching its wings, or feeding its chicks. This kind of timing often makes the difference between an average photo and a great one.     <\/li>\n\n\n\n<li><strong>Fokus auf die Augen \u2013 und keine Sorge wegen \u201eroter Augen\u201c:<\/strong> Bei Tierportr\u00e4ts gilt die goldene Regel: <strong>immer auf das Auge fokussieren<\/strong>. Scharfe Augen ziehen den Betrachter magisch an.  <\/li>\n<\/ul>\n\n<p>With these tips and a little luck, anyone can capture unforgettable moments with their camera. Whether it's an intimate family idyll at sunrise or a dynamic diving scene at midday - <strong>nature photography<\/strong> rewards patience and passion. The magical morning with the black-necked divers showed me once again how important patience and knowledge of the species are. When emotionality and expertise come together, the result is not only better photos, but also a deeper understanding of nature.     <\/p>\n<span class=\"et_bloom_bottom_trigger\"><\/span>","protected":false},"excerpt":{"rendered":"<p>Early morning at the lake &#8211; the world is still in twilight. Two small silhouettes glide silently over the water: black-necked grebes with their chicks on their backs. An intimate insight into the life of these fascinating birds, wonderful for bird photographers and nature lovers.  <\/p>\n","protected":false},"author":1,"featured_media":1583,"comment_status":"open","ping_status":"open","sticky":false,"template":"","format":"standard","meta":{"ngg_post_thumbnail":0,"footnotes":""},"categories":[414],"tags":[],"class_list":["post-1595","post","type-post","status-publish","format-standard","has-post-thumbnail","hentry","category-experiences"],"yoast_head":"<!-- This site is optimized with the Yoast SEO plugin v27.4 - https:\/\/yoast.com\/product\/yoast-seo-wordpress\/ -->\n<title>Magical encounter - Black-necked Grebe - Julius Kramer Naturfotografie<\/title>\n<meta name=\"description\" content=\"Discover the fascinating world of black-necked grebes - from photo tips and magical morning scenes at the lake to exciting facts.\" \/>\n<meta name=\"robots\" content=\"index, follow, max-snippet:-1, max-image-preview:large, max-video-preview:-1\" \/>\n<link rel=\"canonical\" href=\"https:\/\/www.juliuskramer.de\/en\/black-necked-grebes-tips-for-bird-photography\/\" \/>\n<meta property=\"og:locale\" content=\"en_US\" \/>\n<meta property=\"og:type\" content=\"article\" \/>\n<meta property=\"og:title\" content=\"Magical encounter - Black-necked Grebe - Julius Kramer Naturfotografie\" \/>\n<meta property=\"og:description\" content=\"Discover the fascinating world of black-necked grebes - from photo tips and magical morning scenes at the lake to exciting facts.\" \/>\n<meta property=\"og:url\" content=\"https:\/\/www.juliuskramer.de\/en\/black-necked-grebes-tips-for-bird-photography\/\" \/>\n<meta property=\"og:site_name\" content=\"Julius Kramer Naturfotografie\" \/>\n<meta property=\"article:published_time\" content=\"2025-06-20T08:56:00+00:00\" \/>\n<meta property=\"article:modified_time\" content=\"2025-06-20T15:06:12+00:00\" \/>\n<meta property=\"og:image\" content=\"https:\/\/www.juliuskramer.de\/wp-content\/uploads\/2025\/05\/20140704-_JK83397.jpg\" \/>\n\t<meta property=\"og:image:width\" content=\"2048\" \/>\n\t<meta property=\"og:image:height\" content=\"1367\" \/>\n\t<meta property=\"og:image:type\" content=\"image\/jpeg\" \/>\n<meta name=\"author\" content=\"Julius Kramer\" \/>\n<meta name=\"twitter:card\" content=\"summary_large_image\" \/>\n<meta name=\"twitter:label1\" content=\"Written by\" \/>\n\t<meta name=\"twitter:data1\" content=\"Julius Kramer\" \/>\n\t<meta name=\"twitter:label2\" content=\"Est. reading time\" \/>\n\t<meta name=\"twitter:data2\" content=\"10 minutes\" \/>\n<script type=\"application\/ld+json\" class=\"yoast-schema-graph\">{\"@context\":\"https:\\\/\\\/schema.org\",\"@graph\":[{\"@type\":\"Article\",\"@id\":\"https:\\\/\\\/www.juliuskramer.de\\\/en\\\/black-necked-grebes-tips-for-bird-photography\\\/#article\",\"isPartOf\":{\"@id\":\"https:\\\/\\\/www.juliuskramer.de\\\/en\\\/black-necked-grebes-tips-for-bird-photography\\\/\"},\"author\":{\"name\":\"Julius Kramer\",\"@id\":\"https:\\\/\\\/www.juliuskramer.de\\\/en\\\/#\\\/schema\\\/person\\\/ba6a710289277af687ce08cf24aec780\"},\"headline\":\"Immerse yourself in the world of the black-necked grebe &#8211; tips for bird photography\",\"datePublished\":\"2025-06-20T08:56:00+00:00\",\"dateModified\":\"2025-06-20T15:06:12+00:00\",\"mainEntityOfPage\":{\"@id\":\"https:\\\/\\\/www.juliuskramer.de\\\/en\\\/black-necked-grebes-tips-for-bird-photography\\\/\"},\"wordCount\":2320,\"commentCount\":0,\"publisher\":{\"@id\":\"https:\\\/\\\/www.juliuskramer.de\\\/en\\\/#\\\/schema\\\/person\\\/ba6a710289277af687ce08cf24aec780\"},\"image\":{\"@id\":\"https:\\\/\\\/www.juliuskramer.de\\\/en\\\/black-necked-grebes-tips-for-bird-photography\\\/#primaryimage\"},\"thumbnailUrl\":\"https:\\\/\\\/www.juliuskramer.de\\\/wp-content\\\/uploads\\\/2025\\\/05\\\/20140704-_JK83397.jpg\",\"articleSection\":[\"Experiences\"],\"inLanguage\":\"en-US\",\"potentialAction\":[{\"@type\":\"CommentAction\",\"name\":\"Comment\",\"target\":[\"https:\\\/\\\/www.juliuskramer.de\\\/en\\\/black-necked-grebes-tips-for-bird-photography\\\/#respond\"]}]},{\"@type\":\"WebPage\",\"@id\":\"https:\\\/\\\/www.juliuskramer.de\\\/en\\\/black-necked-grebes-tips-for-bird-photography\\\/\",\"url\":\"https:\\\/\\\/www.juliuskramer.de\\\/en\\\/black-necked-grebes-tips-for-bird-photography\\\/\",\"name\":\"Magical encounter - Black-necked Grebe - Julius Kramer Naturfotografie\",\"isPartOf\":{\"@id\":\"https:\\\/\\\/www.juliuskramer.de\\\/en\\\/#website\"},\"primaryImageOfPage\":{\"@id\":\"https:\\\/\\\/www.juliuskramer.de\\\/en\\\/black-necked-grebes-tips-for-bird-photography\\\/#primaryimage\"},\"image\":{\"@id\":\"https:\\\/\\\/www.juliuskramer.de\\\/en\\\/black-necked-grebes-tips-for-bird-photography\\\/#primaryimage\"},\"thumbnailUrl\":\"https:\\\/\\\/www.juliuskramer.de\\\/wp-content\\\/uploads\\\/2025\\\/05\\\/20140704-_JK83397.jpg\",\"datePublished\":\"2025-06-20T08:56:00+00:00\",\"dateModified\":\"2025-06-20T15:06:12+00:00\",\"description\":\"Discover the fascinating world of black-necked grebes - from photo tips and magical morning scenes at the lake to exciting facts.\",\"breadcrumb\":{\"@id\":\"https:\\\/\\\/www.juliuskramer.de\\\/en\\\/black-necked-grebes-tips-for-bird-photography\\\/#breadcrumb\"},\"inLanguage\":\"en-US\",\"potentialAction\":[{\"@type\":\"ReadAction\",\"target\":[\"https:\\\/\\\/www.juliuskramer.de\\\/en\\\/black-necked-grebes-tips-for-bird-photography\\\/\"]}]},{\"@type\":\"ImageObject\",\"inLanguage\":\"en-US\",\"@id\":\"https:\\\/\\\/www.juliuskramer.de\\\/en\\\/black-necked-grebes-tips-for-bird-photography\\\/#primaryimage\",\"url\":\"https:\\\/\\\/www.juliuskramer.de\\\/wp-content\\\/uploads\\\/2025\\\/05\\\/20140704-_JK83397.jpg\",\"contentUrl\":\"https:\\\/\\\/www.juliuskramer.de\\\/wp-content\\\/uploads\\\/2025\\\/05\\\/20140704-_JK83397.jpg\",\"width\":2048,\"height\":1367,\"caption\":\"Ein Schwarzhalstaucher f\u00fcttert die Jungtiere, die bei seinem Partner noch auf dem R\u00fccken spazieren getragen werden.\"},{\"@type\":\"BreadcrumbList\",\"@id\":\"https:\\\/\\\/www.juliuskramer.de\\\/en\\\/black-necked-grebes-tips-for-bird-photography\\\/#breadcrumb\",\"itemListElement\":[{\"@type\":\"ListItem\",\"position\":1,\"name\":\"Startseite\",\"item\":\"https:\\\/\\\/www.juliuskramer.de\\\/en\\\/\"},{\"@type\":\"ListItem\",\"position\":2,\"name\":\"Immerse yourself in the world of the black-necked grebe &#8211; tips for bird photography\"}]},{\"@type\":\"WebSite\",\"@id\":\"https:\\\/\\\/www.juliuskramer.de\\\/en\\\/#website\",\"url\":\"https:\\\/\\\/www.juliuskramer.de\\\/en\\\/\",\"name\":\"Julius Kramer Naturfotografie\",\"description\":\"Wildlife- und Tierfotografie\",\"publisher\":{\"@id\":\"https:\\\/\\\/www.juliuskramer.de\\\/en\\\/#\\\/schema\\\/person\\\/ba6a710289277af687ce08cf24aec780\"},\"potentialAction\":[{\"@type\":\"SearchAction\",\"target\":{\"@type\":\"EntryPoint\",\"urlTemplate\":\"https:\\\/\\\/www.juliuskramer.de\\\/en\\\/?s={search_term_string}\"},\"query-input\":{\"@type\":\"PropertyValueSpecification\",\"valueRequired\":true,\"valueName\":\"search_term_string\"}}],\"inLanguage\":\"en-US\"},{\"@type\":[\"Person\",\"Organization\"],\"@id\":\"https:\\\/\\\/www.juliuskramer.de\\\/en\\\/#\\\/schema\\\/person\\\/ba6a710289277af687ce08cf24aec780\",\"name\":\"Julius Kramer\",\"image\":{\"@type\":\"ImageObject\",\"inLanguage\":\"en-US\",\"@id\":\"https:\\\/\\\/www.juliuskramer.de\\\/wp-content\\\/uploads\\\/2025\\\/04\\\/julius_kramer.jpg\",\"url\":\"https:\\\/\\\/www.juliuskramer.de\\\/wp-content\\\/uploads\\\/2025\\\/04\\\/julius_kramer.jpg\",\"contentUrl\":\"https:\\\/\\\/www.juliuskramer.de\\\/wp-content\\\/uploads\\\/2025\\\/04\\\/julius_kramer.jpg\",\"width\":403,\"height\":568,\"caption\":\"Julius Kramer\"},\"logo\":{\"@id\":\"https:\\\/\\\/www.juliuskramer.de\\\/wp-content\\\/uploads\\\/2025\\\/04\\\/julius_kramer.jpg\"},\"sameAs\":[\"http:\\\/\\\/juliuskramer.de\"],\"url\":\"https:\\\/\\\/www.juliuskramer.de\\\/en\\\/author\\\/administrator\\\/\"}]}<\/script>\n<!-- \/ Yoast SEO plugin. -->","yoast_head_json":{"title":"Magical encounter - Black-necked Grebe - Julius Kramer Naturfotografie","description":"Discover the fascinating world of black-necked grebes - from photo tips and magical morning scenes at the lake to exciting facts.","robots":{"index":"index","follow":"follow","max-snippet":"max-snippet:-1","max-image-preview":"max-image-preview:large","max-video-preview":"max-video-preview:-1"},"canonical":"https:\/\/www.juliuskramer.de\/en\/black-necked-grebes-tips-for-bird-photography\/","og_locale":"en_US","og_type":"article","og_title":"Magical encounter - Black-necked Grebe - Julius Kramer Naturfotografie","og_description":"Discover the fascinating world of black-necked grebes - from photo tips and magical morning scenes at the lake to exciting facts.","og_url":"https:\/\/www.juliuskramer.de\/en\/black-necked-grebes-tips-for-bird-photography\/","og_site_name":"Julius Kramer Naturfotografie","article_published_time":"2025-06-20T08:56:00+00:00","article_modified_time":"2025-06-20T15:06:12+00:00","og_image":[{"width":2048,"height":1367,"url":"https:\/\/www.juliuskramer.de\/wp-content\/uploads\/2025\/05\/20140704-_JK83397.jpg","type":"image\/jpeg"}],"author":"Julius Kramer","twitter_card":"summary_large_image","twitter_misc":{"Written by":"Julius Kramer","Est. reading time":"10 minutes"},"schema":{"@context":"https:\/\/schema.org","@graph":[{"@type":"Article","@id":"https:\/\/www.juliuskramer.de\/en\/black-necked-grebes-tips-for-bird-photography\/#article","isPartOf":{"@id":"https:\/\/www.juliuskramer.de\/en\/black-necked-grebes-tips-for-bird-photography\/"},"author":{"name":"Julius Kramer","@id":"https:\/\/www.juliuskramer.de\/en\/#\/schema\/person\/ba6a710289277af687ce08cf24aec780"},"headline":"Immerse yourself in the world of the black-necked grebe &#8211; tips for bird photography","datePublished":"2025-06-20T08:56:00+00:00","dateModified":"2025-06-20T15:06:12+00:00","mainEntityOfPage":{"@id":"https:\/\/www.juliuskramer.de\/en\/black-necked-grebes-tips-for-bird-photography\/"},"wordCount":2320,"commentCount":0,"publisher":{"@id":"https:\/\/www.juliuskramer.de\/en\/#\/schema\/person\/ba6a710289277af687ce08cf24aec780"},"image":{"@id":"https:\/\/www.juliuskramer.de\/en\/black-necked-grebes-tips-for-bird-photography\/#primaryimage"},"thumbnailUrl":"https:\/\/www.juliuskramer.de\/wp-content\/uploads\/2025\/05\/20140704-_JK83397.jpg","articleSection":["Experiences"],"inLanguage":"en-US","potentialAction":[{"@type":"CommentAction","name":"Comment","target":["https:\/\/www.juliuskramer.de\/en\/black-necked-grebes-tips-for-bird-photography\/#respond"]}]},{"@type":"WebPage","@id":"https:\/\/www.juliuskramer.de\/en\/black-necked-grebes-tips-for-bird-photography\/","url":"https:\/\/www.juliuskramer.de\/en\/black-necked-grebes-tips-for-bird-photography\/","name":"Magical encounter - Black-necked Grebe - Julius Kramer Naturfotografie","isPartOf":{"@id":"https:\/\/www.juliuskramer.de\/en\/#website"},"primaryImageOfPage":{"@id":"https:\/\/www.juliuskramer.de\/en\/black-necked-grebes-tips-for-bird-photography\/#primaryimage"},"image":{"@id":"https:\/\/www.juliuskramer.de\/en\/black-necked-grebes-tips-for-bird-photography\/#primaryimage"},"thumbnailUrl":"https:\/\/www.juliuskramer.de\/wp-content\/uploads\/2025\/05\/20140704-_JK83397.jpg","datePublished":"2025-06-20T08:56:00+00:00","dateModified":"2025-06-20T15:06:12+00:00","description":"Discover the fascinating world of black-necked grebes - from photo tips and magical morning scenes at the lake to exciting facts.","breadcrumb":{"@id":"https:\/\/www.juliuskramer.de\/en\/black-necked-grebes-tips-for-bird-photography\/#breadcrumb"},"inLanguage":"en-US","potentialAction":[{"@type":"ReadAction","target":["https:\/\/www.juliuskramer.de\/en\/black-necked-grebes-tips-for-bird-photography\/"]}]},{"@type":"ImageObject","inLanguage":"en-US","@id":"https:\/\/www.juliuskramer.de\/en\/black-necked-grebes-tips-for-bird-photography\/#primaryimage","url":"https:\/\/www.juliuskramer.de\/wp-content\/uploads\/2025\/05\/20140704-_JK83397.jpg","contentUrl":"https:\/\/www.juliuskramer.de\/wp-content\/uploads\/2025\/05\/20140704-_JK83397.jpg","width":2048,"height":1367,"caption":"Ein Schwarzhalstaucher f\u00fcttert die Jungtiere, die bei seinem Partner noch auf dem R\u00fccken spazieren getragen werden."},{"@type":"BreadcrumbList","@id":"https:\/\/www.juliuskramer.de\/en\/black-necked-grebes-tips-for-bird-photography\/#breadcrumb","itemListElement":[{"@type":"ListItem","position":1,"name":"Startseite","item":"https:\/\/www.juliuskramer.de\/en\/"},{"@type":"ListItem","position":2,"name":"Immerse yourself in the world of the black-necked grebe &#8211; tips for bird photography"}]},{"@type":"WebSite","@id":"https:\/\/www.juliuskramer.de\/en\/#website","url":"https:\/\/www.juliuskramer.de\/en\/","name":"Julius Kramer Naturfotografie","description":"Wildlife- und Tierfotografie","publisher":{"@id":"https:\/\/www.juliuskramer.de\/en\/#\/schema\/person\/ba6a710289277af687ce08cf24aec780"},"potentialAction":[{"@type":"SearchAction","target":{"@type":"EntryPoint","urlTemplate":"https:\/\/www.juliuskramer.de\/en\/?s={search_term_string}"},"query-input":{"@type":"PropertyValueSpecification","valueRequired":true,"valueName":"search_term_string"}}],"inLanguage":"en-US"},{"@type":["Person","Organization"],"@id":"https:\/\/www.juliuskramer.de\/en\/#\/schema\/person\/ba6a710289277af687ce08cf24aec780","name":"Julius Kramer","image":{"@type":"ImageObject","inLanguage":"en-US","@id":"https:\/\/www.juliuskramer.de\/wp-content\/uploads\/2025\/04\/julius_kramer.jpg","url":"https:\/\/www.juliuskramer.de\/wp-content\/uploads\/2025\/04\/julius_kramer.jpg","contentUrl":"https:\/\/www.juliuskramer.de\/wp-content\/uploads\/2025\/04\/julius_kramer.jpg","width":403,"height":568,"caption":"Julius Kramer"},"logo":{"@id":"https:\/\/www.juliuskramer.de\/wp-content\/uploads\/2025\/04\/julius_kramer.jpg"},"sameAs":["http:\/\/juliuskramer.de"],"url":"https:\/\/www.juliuskramer.de\/en\/author\/administrator\/"}]}},"_links":{"self":[{"href":"https:\/\/www.juliuskramer.de\/en\/wp-json\/wp\/v2\/posts\/1595","targetHints":{"allow":["GET"]}}],"collection":[{"href":"https:\/\/www.juliuskramer.de\/en\/wp-json\/wp\/v2\/posts"}],"about":[{"href":"https:\/\/www.juliuskramer.de\/en\/wp-json\/wp\/v2\/types\/post"}],"author":[{"embeddable":true,"href":"https:\/\/www.juliuskramer.de\/en\/wp-json\/wp\/v2\/users\/1"}],"replies":[{"embeddable":true,"href":"https:\/\/www.juliuskramer.de\/en\/wp-json\/wp\/v2\/comments?post=1595"}],"version-history":[{"count":9,"href":"https:\/\/www.juliuskramer.de\/en\/wp-json\/wp\/v2\/posts\/1595\/revisions"}],"predecessor-version":[{"id":2321,"href":"https:\/\/www.juliuskramer.de\/en\/wp-json\/wp\/v2\/posts\/1595\/revisions\/2321"}],"wp:featuredmedia":[{"embeddable":true,"href":"https:\/\/www.juliuskramer.de\/en\/wp-json\/wp\/v2\/media\/1583"}],"wp:attachment":[{"href":"https:\/\/www.juliuskramer.de\/en\/wp-json\/wp\/v2\/media?parent=1595"}],"wp:term":[{"taxonomy":"category","embeddable":true,"href":"https:\/\/www.juliuskramer.de\/en\/wp-json\/wp\/v2\/categories?post=1595"},{"taxonomy":"post_tag","embeddable":true,"href":"https:\/\/www.juliuskramer.de\/en\/wp-json\/wp\/v2\/tags?post=1595"}],"curies":[{"name":"wp","href":"https:\/\/api.w.org\/{rel}","templated":true}]}}